{"id":20,"date":"2017-10-10T17:50:55","date_gmt":"2017-10-10T14:50:55","guid":{"rendered":"http:\/\/www.hesapla.net\/2015\/12\/21\/ne-zaman-emekli-olabilirim-hesaplama\/"},"modified":"2018-03-07T06:06:11","modified_gmt":"2018-03-07T03:06:11","slug":"ne-zaman-emekli-olabilirim-hesapla","status":"publish","type":"post","link":"https:\/\/www.hesapla.net\/blog\/ne-zaman-emekli-olabilirim-hesapla\/","title":{"rendered":"Ne zaman emekli olabilirim hesapla"},"content":{"rendered":"<p><strong>E-Devlet Ne zaman emekli olabilirim<\/strong>\u00a0T\u00fcrkiye&#8217;de \u00f6zellikle 40 ya\u015f \u00fcst\u00fcn\u00fcn merak etti\u011fi ve her an her online platformda ya da yard\u0131m isteyerek sorgulad\u0131\u011f\u0131 bir \u015fey ne zaman emekli olaca\u011f\u0131m sorusuna net olarak cevaplar almakt\u0131r. Sitemiz arac\u0131l\u0131\u011f\u0131 ile sizlere <em><strong>ka\u00e7 ya\u015f\u0131nda emekli<\/strong><\/em> olaca\u011f\u0131n\u0131z ve emeklilik tarihi ve ya\u015f hesaplama olaylar\u0131n\u0131 detayland\u0131rarak anlataca\u011f\u0131z. bunun haricinde otomatik olarak yap\u0131lacak olan <strong>emeklilik hesaplama<\/strong> aparat\u0131n\u0131 da kullanarak emeklilik tarihiniz ile ilgili daha net bilgilere ula\u015fm\u0131\u015f olacaks\u0131n\u0131z. Tevell\u00fct\u00fc ( ya\u015f\u0131 ) eski olanlar i\u00e7in emeklilik b\u00fcy\u00fck bir \u015fans asl\u0131nda. Yap\u0131lacak olan Sosyal G\u00fcvenlik Reformunun \u00f6ng\u00f6r\u00fcs\u00fc geride kalanlar\u0131 yani ya\u015f\u0131 daha gen\u00e7 olanlar\u0131 baya \u00fczecek cinsten. Zira Nisan ay\u0131nda bu reformdan bahsedildi ve ortalama emeklilik ya\u015f\u0131 51-52 olan t\u00fcrk insan\u0131 bu reform ile birlikte 58-60 olacak hatta biraz daha ileri tarih olan 2037 y\u0131l\u0131ndan sonra da 65 ya\u015ftan \u00f6nce emeklilik hayal olacak malesef.<\/p>\n<p><strong>EDEVLET KA\u00c7 YA\u015eINDA EMEKL\u0130 OLACA\u011eIM<\/strong> : de\u011ferli hesapla.net kullan\u0131c\u0131lar\u0131, emeklilik hesaplamalar\u0131nda ya\u015f \u00f6nemli bir fakt\u00f6rd\u00fcr. bununla birlikte ilk kez sigorta ba\u015flang\u0131\u00e7, yan\u0131 ilk i\u015fe giri\u015f tarihiniz de bunun i\u00e7in \u00f6nemli bir kriter tabiki. Bu ilk i\u015fe giri\u015f tarihinde y\u00fcr\u00fcrl\u00fckte olan kanuna g\u00f6re emeklilik i\u015flemleri biraz kar\u0131\u015f\u0131yor. Asl\u0131nda sizin kafan\u0131z\u0131 buland\u0131rmas\u0131 gerekmiyor bilgi kirlili\u011finin. Zira, yap\u0131lan otomatik emeklilik hesaplama yard\u0131mc\u0131 programlar\u0131, sizler net bilgileri verdikten sonra otomatik olarak hangi tarihte emekli olaca\u011f\u0131n\u0131z\u0131 net olarak\u00a0 sizlere s\u00f6yl\u00fcyor.<\/p>\n<p><strong>E-DEVLET EMEKL\u0130L\u0130K MAA\u015eI HESAPLAMASI NASIL YAPILIYOR :<\/strong> Bunun i\u00e7inde yine yukar\u0131daki belirtti\u011fim kriterlerin haricinde ya\u015f\u0131n\u0131z, sigorta ba\u015flang\u0131\u00e7 tarihiniz ile birlikte emekli maa\u015flar\u0131n\u0131z\u0131n y\u00fcksek olmas\u0131n\u0131 sa\u011flayan en \u00f6nemli fakt\u00f6r. Asgari \u00dccret \u00fczerinden mi yoksa daha y\u00fcksek bir \u00fccretten mi sigortal\u0131 g\u00f6sterildi\u011finiz ile ilgilidir. Yani standart olarak asgari \u00fccret \u00fczerinden sigortal\u0131 g\u00f6sterilen bir ki\u015fi ile, Asgari \u00fccretin iki \u00fc\u00e7 kat\u0131 g\u00f6sterilen ve vergileri de buna g\u00f6re \u00f6denen bir ki\u015finin, emekli oldu\u011funda alaca\u011f\u0131 \u00fccret aras\u0131nda ( maa\u015f ) da\u011flar kadar fark vard\u0131r. E\u011fer ya\u015flar\u0131n\u0131z gen\u00e7 ise mutlaka ald\u0131\u011f\u0131n\u0131z net \u00fccret \u00fczerinden en az\u0131ndan sigortal\u0131 g\u00f6sterilmeyi sa\u011flayabilirseniz, ileriki ya\u015flarda bu durum size daha y\u00fcksek mebla\u011flarda para olarak geri d\u00f6necektir.<\/p>\n<p><strong>OTOMAT\u0130K EMEKL\u0130L\u0130K HESAPLAMA APARATIMIZ :<\/strong> Bu aparat\u0131n t\u00fcm verilerinin tamam\u0131 devletin resmi sitesi \u00fczerinden \u00e7ekilmektedir. Dolay\u0131s\u0131 ile yap\u0131lacak olan emeklilik hesaplamalar\u0131ndaki tarihte kurum kay\u0131tlar\u0131ndaki ile ayn\u0131 \u00e7\u0131kaca\u011f\u0131ndan, son derece g\u00fcvenilir olarak kullanabilirsiniz. Buradaki otomatik emeklilik hesaplama arac\u0131nda yaz\u0131lan bilgileri net olarak girmeniz gerekiyor. \u0130lk sigorta tarihi, do\u011fum tarihi, net olarak yat\u0131r\u0131lan prim g\u00fcnleri var ise askerlik bor\u00e7lanmas\u0131 gibi de\u011ferleri net girerek hesaplama yapabilirsiniz. Konuyla alakal\u0131 her t\u00fcrl\u00fc g\u00f6r\u00fc\u015f, \u00f6neri ve sorular\u0131n\u0131z\u0131 bizlere de\u011ferli yorumlar\u0131n\u0131z ile g\u00f6nderebilirsiniz. HESAPLA.NET<\/p>\n<p><strong>\u00d6NEML\u0130 DUYURU :<\/strong> Birazdan yapaca\u011f\u0131n\u0131z emeklilik hesaplamalar\u0131, resmi kurum veya kurulu\u015flarda asla kullan\u0131lamaz. Buradaki \u00e7\u0131kt\u0131lar, sadece bilgi ama\u00e7l\u0131 verilmi\u015ftir. Emeklilik hesaplamalar\u0131n\u0131 resmi kanallara dilek\u00e7e vererek yapt\u0131rman\u0131z daha yerinde bir karar olabilir. \u00d6nemle Duyrulur.<\/p>\n<p>&nbsp;<\/p>\n<p><iframe loading=\"lazy\" style=\"min-height: 450px;\" src=\"https:\/\/www.hesapla.net\/blog\/nezamanemekli.php\" width=\"100%\" height=\"160\" frameborder=\"0\"><\/iframe><\/p>\n","protected":false},"excerpt":{"rendered":"<p>Ne zaman ka\u00e7 ya\u015f\u0131nda hangi g\u00fcn emekli olaca\u011f\u0131n\u0131z\u0131 sitemiz \u00fczerinden otomatik olarak hesaplat\u0131yoruz.<\/p>\n","protected":false},"author":1,"featured_media":432,"comment_status":"open","ping_status":"open","sticky":false,"template":"","format":"standard","meta":{"footnotes":""},"categories":[4],"tags":[270,256,255,253,251,252,272,271],"aioseo_notices":[],"views":62599,"_links":{"self":[{"href":"https:\/\/www.hesapla.net\/blog\/wp-json\/wp\/v2\/posts\/20"}],"collection":[{"href":"https:\/\/www.hesapla.net\/blog\/wp-json\/wp\/v2\/posts"}],"about":[{"href":"https:\/\/www.hesapla.net\/blog\/wp-json\/wp\/v2\/types\/post"}],"author":[{"embeddable":true,"href":"https:\/\/www.hesapla.net\/blog\/wp-json\/wp\/v2\/users\/1"}],"replies":[{"embeddable":true,"href":"https:\/\/www.hesapla.net\/blog\/wp-json\/wp\/v2\/comments?post=20"}],"version-history":[{"count":23,"href":"https:\/\/www.hesapla.net\/blog\/wp-json\/wp\/v2\/posts\/20\/revisions"}],"predecessor-version":[{"id":524,"href":"https:\/\/www.hesapla.net\/blog\/wp-json\/wp\/v2\/posts\/20\/revisions\/524"}],"wp:featuredmedia":[{"embeddable":true,"href":"https:\/\/www.hesapla.net\/blog\/wp-json\/wp\/v2\/media\/432"}],"wp:attachment":[{"href":"https:\/\/www.hesapla.net\/blog\/wp-json\/wp\/v2\/media?parent=20"}],"wp:term":[{"taxonomy":"category","embeddable":true,"href":"https:\/\/www.hesapla.net\/blog\/wp-json\/wp\/v2\/categories?post=20"},{"taxonomy":"post_tag","embeddable":true,"href":"https:\/\/www.hesapla.net\/blog\/wp-json\/wp\/v2\/tags?post=20"}],"curies":[{"name":"wp","href":"https:\/\/api.w.org\/{rel}","templated":true}]}}