{"id":16,"date":"2018-01-08T08:53:51","date_gmt":"2018-01-08T05:53:51","guid":{"rendered":"http:\/\/www.hesapla.net\/2015\/12\/08\/genel-saglik-sigortasi-tescil-ve-prim-borcu-sorgulama\/"},"modified":"2018-02-28T20:35:50","modified_gmt":"2018-02-28T17:35:50","slug":"genel-saglik-sigortasi-tescil-ve-prim-borcu-sorgulama","status":"publish","type":"post","link":"https:\/\/www.hesapla.net\/blog\/genel-saglik-sigortasi-tescil-ve-prim-borcu-sorgulama\/","title":{"rendered":"Genel Sa\u011fl\u0131k Sigortas\u0131 tescil ve prim borcu sorgulama"},"content":{"rendered":"<p>Genel sa\u011fl\u0131k sigortas\u0131 2012 y\u0131l\u0131nda hayata ge\u00e7mi\u015ftir. Bununla ilgili Sgk&#8217;n\u0131n resmi internet sitesindeki a\u00e7\u0131klamada Zorunlu Genel Sa\u011fl\u0131k Sigortas\u0131 Nedir ba\u015fl\u0131kl\u0131 a\u00e7\u0131klama metninde \u015fu a\u00e7\u0131klama yer almaktad\u0131r.\u00a05510 say\u0131l\u0131 Sosyal Sigortalar ve Genel Sa\u011fl\u0131k Sigortas\u0131 Kanununun 60 \u0131nc\u0131 maddesinde <strong><u>genel sa\u011fl\u0131k sigortal\u0131s\u0131<\/u><\/strong> say\u0131lanlar d\u00fczenlenmi\u015f olup genel sa\u011fl\u0131k sigortal\u0131s\u0131 say\u0131lman\u0131n ana ko\u015fulu, yerle\u015fim yerinin T\u00fcrkiye olmas\u0131d\u0131r. 1\/1\/2012 tarihinden itibaren zorunlu genel sa\u011fl\u0131k sigortas\u0131 uygulamas\u0131na ge\u00e7ilmi\u015ftir. A\u015fa\u011f\u0131da genel sa\u011fl\u0131k sigortal\u0131s\u0131 say\u0131lmayanlar\u0131n anlat\u0131ld\u0131\u011f\u0131 b\u00f6l\u00fcmde say\u0131lanlar<strong>\u00a0<\/strong>hari\u00e7 olmak \u00fczere yerle\u015fim yeri <u>T\u00fcrkiye olan T\u00fcrk vatanda\u015flar<\/u> zorunlu olarak, yabanc\u0131 \u00fclke vatanda\u015flar\u0131 ise talepleri ile <u><em>genel sa\u011fl\u0131k sigortas\u0131<\/em><\/u> kapsam\u0131na\u00a0al\u0131nmaktad\u0131r.<\/p>\n<p>Sistem otomatik olarak sigortal\u0131 ya da Ek5 iste\u011fe ba\u011fl\u0131 sigortal\u0131l\u0131k durumlar\u0131 haricinde ve kanunlarda belirtilenler haricinde ( a\u015fa\u011f\u0131dan sizlere yazaca\u011f\u0131z ) herkesi otomatik olarak sigortal\u0131 durumuna almaktad\u0131r.<\/p>\n<p><u><strong>Kimler Genel Sa\u011fl\u0131k Sigortal\u0131s\u0131 Say\u0131lm\u0131\u015ft\u0131r ?<\/strong><\/u><\/p>\n<p>Yerle\u015fim yeri T\u00fcrkiye&#8217;de olan ki\u015filerden;<br \/>\n-Bir i\u015fverenin emrinde hizmet akdiyle \u00e7al\u0131\u015fanlar,<\/p>\n<p>-Kendi nam ve hesab\u0131na \u00e7al\u0131\u015fanlar,<\/p>\n<p>-Kamu idarelerinde kamu g\u00f6revlisi olarak \u00e7al\u0131\u015fanlar,<\/p>\n<p>-\u0130ste\u011fe ba\u011fl\u0131 sigortal\u0131 olan ki\u015filer,<\/p>\n<p>-Gelir testi sonucu tespit edilecek aile i\u00e7indeki geliri ki\u015fi ba\u015f\u0131na d\u00fc\u015fen ayl\u0131k tutar\u0131 asgari \u00fccretin \u00fc\u00e7te birinden az olan vatanda\u015flar ile gelir tespiti yap\u0131lmaks\u0131z\u0131n genel sa\u011fl\u0131k sigortal\u0131l\u0131\u011f\u0131 ya da bakmakla y\u00fck\u00fcml\u00fc oldu\u011fu ki\u015fi bulunmayan T\u00fcrk vatanda\u015flar\u0131ndan 18 ya\u015f\u0131n\u0131 doldurmam\u0131\u015f \u00e7ocuklar,<\/p>\n<p>-Uluslararas\u0131 koruma ba\u015fvurusu veya stat\u00fcs\u00fc sahibi ve vatans\u0131z olarak tan\u0131nan ki\u015filer,<\/p>\n<p>-65 Ya\u015f\u0131n\u0131 Doldurmu\u015f Muhta\u00e7, G\u00fc\u00e7s\u00fcz ve Kimsesiz T\u00fcrk Vatanda\u015flar\u0131na Ayl\u0131k Ba\u011flanmas\u0131 Hakk\u0131nda Kanun h\u00fck\u00fcmlerine g\u00f6re ayl\u0131k alan ki\u015filer,<\/p>\n<p>-\u0130stiklal Madalyas\u0131 Verilmi\u015f Bulunanlara Vatani Hizmet Tertibinden \u015eeref Ayl\u0131\u011f\u0131 Ba\u011flanmas\u0131 Hakk\u0131nda Kanun h\u00fck\u00fcmlerine g\u00f6re \u015feref ayl\u0131\u011f\u0131 alan ki\u015filer,<\/p>\n<p>-Vatani Hizmet Tertibi Ayl\u0131klar\u0131n\u0131n Ba\u011flanmas\u0131 Hakk\u0131nda Kanun h\u00fck\u00fcmlerine g\u00f6re ayl\u0131k alan ki\u015filer,<\/p>\n<p>-Nakdi Tazminat ve Ayl\u0131k Ba\u011flanmas\u0131 Hakk\u0131nda Kanun h\u00fck\u00fcmlerine g\u00f6re ayl\u0131k alan ki\u015filer,<\/p>\n<p>-Sosyal Hizmetler ve \u00c7ocuk Esirgeme Kurumu taraf\u0131ndan korunma, bak\u0131m ve rehabilitasyon hizmetlerinden \u00fccretsiz faydalanan ki\u015filer ile ana ve babas\u0131 olmayan T\u00fcrk vatanda\u015flar\u0131ndan 18 ya\u015f\u0131n\u0131 doldurmam\u0131\u015f \u00e7ocuklar,<\/p>\n<p>-Harp malull\u00fc\u011f\u00fc ayl\u0131\u011f\u0131 alanlar ile Ter\u00f6rle M\u00fccadele Kanunu kapsam\u0131nda ayl\u0131k alanlar,<\/p>\n<p>-Ge\u00e7ici k\u00f6y korucular\u0131 ve emeklileri<\/p>\n<p>-D\u00fcnya Olimpiyat ve Avrupa \u015eampiyonlu\u011fu Kazanm\u0131\u015f Sporculara ve Bunlar\u0131n Ailelerine Ayl\u0131k Ba\u011flanmas\u0131 Hakk\u0131nda Kanun h\u00fck\u00fcmlerine g\u00f6re ayl\u0131k alan ki\u015filer,<\/p>\n<p>-Oturma izni alm\u0131\u015f yabanc\u0131 \u00fclke vatanda\u015flar\u0131ndan yabanc\u0131 bir \u00fclke mevzuat\u0131 kapsam\u0131nda sigortal\u0131 olmayan ki\u015filer,<br \/>\n-\u0130\u015fsizlik \u00f6dene\u011fi ve ilgili kanunlar\u0131 gere\u011fince k\u0131sa \u00e7al\u0131\u015fma \u00f6dene\u011finden yararland\u0131r\u0131lan ki\u015filer,<\/p>\n<p>-Bu Kanun veya bu Kanundan \u00f6nce y\u00fcr\u00fcrl\u00fckte bulunan sosyal g\u00fcvenlik kanunlar\u0131na g\u00f6re gelir veya ayl\u0131k alan ki\u015filer,<br \/>\n-\u00dclkemizde \u00f6\u011frenim g\u00f6ren yabanc\u0131 uyruklu \u00f6\u011frenciler,<\/p>\n<p>-Avukatl\u0131k staj\u0131 yapmakta olanlar,<\/p>\n<p>-Ailenin Korunmas\u0131 ve Kad\u0131na Kar\u015f\u0131 \u015eiddetin \u00d6nlenmesine Dair Kanun h\u00fck\u00fcmlerine g\u00f6re hakk\u0131nda koruyucu tedbir karar\u0131 verilen ki\u015filer,<\/p>\n<p>-2022 say\u0131l\u0131 Kanun kapsam\u0131nda 18 ya\u015f\u0131ndan k\u00fc\u00e7\u00fck engelli ve engelli yak\u0131n\u0131 ayl\u0131\u011f\u0131 alanlar,<\/p>\n<p>-Herhangi bir kapsamda genel sa\u011fl\u0131k sigortal\u0131s\u0131 veya genel sa\u011fl\u0131k sigortal\u0131s\u0131n\u0131n bakmakla y\u00fck\u00fcml\u00fc oldu\u011fu ki\u015fi olmayan vatanda\u015flar,<\/p>\n<p>genel sa\u011fl\u0131k sigortal\u0131s\u0131 say\u0131l\u0131r.<\/p>\n<p><u><strong>Gelir Testini Ne Zaman Yapt\u0131rmal\u0131y\u0131m ?<\/strong><\/u><\/p>\n<p>Kanun 60 \u0131nc\u0131 maddesinin birinci f\u0131kras\u0131 (g) bendi kapsam\u0131nda tescil edilen ki\u015filerin gelir testi m\u00fcracaat bildiriminin (Ek:1) kendilerine tebli\u011f edildi\u011fi tarihten itibaren bir ay i\u00e7inde Sosyal Yard\u0131mla\u015fma ve Dayan\u0131\u015fma Vakf\u0131na ba\u015fvurmalar\u0131 gerekmektedir. S\u00f6z konusu bir ayl\u0131k s\u00fcre i\u00e7erisinde gelir testine ba\u015fvurmayanlar\u0131n tescil ba\u015flang\u0131\u00e7 tarihinden itibaren aile i\u00e7indeki gelirinin ki\u015fi ba\u015f\u0131na d\u00fc\u015fen ayl\u0131k tutar\u0131 olarak, Kanunun 82 nci maddesine g\u00f6re belirlenen ayl\u0131k prime esas kazanc\u0131n (asgari \u00fccretin) iki kat\u0131 esas al\u0131narak primleri tahakkuk ettirilecek ve bu ki\u015filerin \u00f6demeleri gereken prim miktar\u0131, sosyal g\u00fcvenlik il m\u00fcd\u00fcrl\u00fc\u011f\u00fc\/sosyal g\u00fcvenlik merkezi taraf\u0131ndan 7201 say\u0131l\u0131 Kanuna g\u00f6re iadeli taahh\u00fctl\u00fc posta yoluyla kendilerine tebli\u011f edilecektir. Bu s\u00fcre Kanunun (60\/1 (c-1) )alt bendi kapsam\u0131nda oldu\u011fu tespit edilenler i\u00e7in kendilerine \u201cGelir testine m\u00fcracaat bildirimi\u201d (Ek:1) tebli\u011f edildi\u011fi tarihten itibaren alt\u0131 ayd\u0131r.<\/p>\n<p><strong><u><em>Gelir Testi Sonucu Ne kadar Prim \u00d6deyece\u011fim?<\/em><\/u><\/strong><\/p>\n<p><img decoding=\"async\" style=\"width: 650px;\" src=\"http:\/\/www.hesapla.net\/resimler\/ekresim\/gelir-testi_1449564381.jpg\" alt=\"\" \/>Buraya kadar sizlere a\u00e7\u0131klama olarak yazd\u0131\u011f\u0131m\u0131z durumlarda sistem sizi otomatik olarak GSS&#8217;L\u0130 konuma getirmi\u015f olabilir. <u><em><strong>Tc kimlik bilgilerinizi girerek bu i\u015flemi \u015fifresiz olarak sorgulama <\/strong><\/em><\/u>yapamazs\u0131n\u0131z. \u00d6ncelikle sisteme girmeniz yani <a href=\"http:\/\/www.hesapla.net\/e-devlet-giris-islemleri\/\"  ><u><em><strong>E DEVLET G\u0130R\u0130\u015e<\/strong><\/em><\/u><\/a> i\u015flemlerini bitirmeniz gerekiyor.Bunun i\u00e7ip e devletl \u015fifresi veren postanelere giderek kimli\u011finizle bir e devlet \u015fifresi edinmeniz gerekiyor. E devlet \u015fifreleriniz olduktan sonra a\u015fa\u011f\u0131dan resim olarak sizlere g\u00f6sterdi\u011fimiz alana giri\u015f yapacaks\u0131n\u0131z.<\/p>\n<p>Sisteme girdi\u011finizde, Devlet Kap\u0131s\u0131 internet sitesinde sa\u011f \u00fcst alandaki arama b\u00f6l\u00fcm\u00fcne resimde g\u00f6r\u00fcld\u011f\u00fc gibi GSS yazarak ilgili linke gidiyorsunuz.Daha sonra sistem otomatik olarak t\u00fcm d\u00f6k\u00fcmanlar\u0131 ile birlikte sizlerin <u><em><strong>ne kadar gss prim borcunuz var<\/strong><\/em><\/u> onu g\u00f6steriyor.<\/p>\n<p><img decoding=\"async\" style=\"width: 650px;\" src=\"http:\/\/www.hesapla.net\/resimler\/ekresim\/gss-borc-sorgulama_1449564660.jpg\" alt=\"\" \/><u><strong>Gss Prim borcu sorgulama<\/strong><\/u> i\u015flemlerini sizlere elimizden geldi\u011finde a\u00e7\u0131klamal\u0131 ve kanuna uygun \u015fekilde anlatmaya gayret g\u00f6sterdik.Bu konu ile alakal\u0131 her t\u00fcrl\u00fc soru ve \u00f6nerilerinizi bizlere konumuzun alt\u0131nda bulunan yorum b\u00f6l\u00fcm\u00fcnden g\u00f6nderebilir, bu konuyu kayda de\u011fer buldu iseniz t\u00fcm sosyal platformlarda payla\u015fabilirsiniz.<\/p>\n<p>hesapla.net<\/p>\n","protected":false},"excerpt":{"rendered":"<p>SGK SSK GSS bor\u00e7 sorglama, gss tescil tarihim nedir Prim borcu sorgula gibi hizmetlerin tamam\u0131n\u0131 tc ile ve tc kimlik bilgilerinizle e devlet sistemine girerek yapabililyorsunuz.<\/p>\n","protected":false},"author":1,"featured_media":17,"comment_status":"open","ping_status":"open","sticky":false,"template":"","format":"standard","meta":{"footnotes":""},"categories":[6],"tags":[270,262,253,267,251,261,269,264,266,272,268,263,265,271,258,260],"aioseo_notices":[],"views":4310,"_links":{"self":[{"href":"https:\/\/www.hesapla.net\/blog\/wp-json\/wp\/v2\/posts\/16"}],"collection":[{"href":"https:\/\/www.hesapla.net\/blog\/wp-json\/wp\/v2\/posts"}],"about":[{"href":"https:\/\/www.hesapla.net\/blog\/wp-json\/wp\/v2\/types\/post"}],"author":[{"embeddable":true,"href":"https:\/\/www.hesapla.net\/blog\/wp-json\/wp\/v2\/users\/1"}],"replies":[{"embeddable":true,"href":"https:\/\/www.hesapla.net\/blog\/wp-json\/wp\/v2\/comments?post=16"}],"version-history":[{"count":2,"href":"https:\/\/www.hesapla.net\/blog\/wp-json\/wp\/v2\/posts\/16\/revisions"}],"predecessor-version":[{"id":468,"href":"https:\/\/www.hesapla.net\/blog\/wp-json\/wp\/v2\/posts\/16\/revisions\/468"}],"wp:featuredmedia":[{"embeddable":true,"href":"https:\/\/www.hesapla.net\/blog\/wp-json\/wp\/v2\/media\/17"}],"wp:attachment":[{"href":"https:\/\/www.hesapla.net\/blog\/wp-json\/wp\/v2\/media?parent=16"}],"wp:term":[{"taxonomy":"category","embeddable":true,"href":"https:\/\/www.hesapla.net\/blog\/wp-json\/wp\/v2\/categories?post=16"},{"taxonomy":"post_tag","embeddable":true,"href":"https:\/\/www.hesapla.net\/blog\/wp-json\/wp\/v2\/tags?post=16"}],"curies":[{"name":"wp","href":"https:\/\/api.w.org\/{rel}","templated":true}]}}